{"id":2559,"date":"2015-04-18T18:07:09","date_gmt":"2015-04-18T18:07:09","guid":{"rendered":"https:\/\/blog.ecotronics.ch\/wordpress\/?p=2559"},"modified":"2015-05-09T16:00:37","modified_gmt":"2015-05-09T16:00:37","slug":"silvis-balkongarten-2014","status":"publish","type":"post","link":"https:\/\/blog.ecotronics.ch\/wordpress\/?p=2559","title":{"rendered":"Silvis Balkongarten 2014"},"content":{"rendered":"<div id=\"attachment_2589\" style=\"width: 220px\" class=\"wp-caption alignleft\"><a href=\"https:\/\/blog.ecotronics.ch\/wordpress\/wp-content\/uploads\/2015\/04\/ZuckererbsenMangoldPfluecksalat_20140602_1818471.jpg\"><img aria-describedby=\"caption-attachment-2589\" decoding=\"async\" loading=\"lazy\" class=\"wp-image-2589\" src=\"https:\/\/blog.ecotronics.ch\/wordpress\/wp-content\/uploads\/2015\/04\/ZuckererbsenMangoldPfluecksalat_20140602_1818471-253x300.jpg\" alt=\"Zuckererbsen, Mangold und Pfl\u00fccksalat\" width=\"210\" height=\"250\" srcset=\"https:\/\/blog.ecotronics.ch\/wordpress\/wp-content\/uploads\/2015\/04\/ZuckererbsenMangoldPfluecksalat_20140602_1818471-253x300.jpg 253w, https:\/\/blog.ecotronics.ch\/wordpress\/wp-content\/uploads\/2015\/04\/ZuckererbsenMangoldPfluecksalat_20140602_1818471-126x150.jpg 126w, https:\/\/blog.ecotronics.ch\/wordpress\/wp-content\/uploads\/2015\/04\/ZuckererbsenMangoldPfluecksalat_20140602_1818471-400x475.jpg 400w, https:\/\/blog.ecotronics.ch\/wordpress\/wp-content\/uploads\/2015\/04\/ZuckererbsenMangoldPfluecksalat_20140602_1818471.jpg 505w\" sizes=\"(max-width: 210px) 100vw, 210px\" \/><\/a><p id=\"caption-attachment-2589\" class=\"wp-caption-text\">Zuckererbsen, Mangold und Pfl\u00fccksalat<\/p><\/div>\n<p>Letztes Jahr ist es in meinem Blog verd\u00e4chtig ruhig gewesen, gerade auch in der Kategorie Blumen. Nicht etwa, weil ich am G\u00e4rtnern die Lust verloren h\u00e4tte. Nein, im Gegenteil, ich war so mit G\u00e4rtnern besch\u00e4ftigt, dass zum Schreiben keine Zeit mehr blieb. Letztes Jahr habe ich n\u00e4mlich das Gem\u00fcseg\u00e4rtnern entdeckt. W\u00e4hrend <strong>jahrelang eine einsame Stevia<\/strong> die einzige Nutzpflanze auf meinem Balkon war, eroberten sich <strong>2013 zwei Cherrytomatenpflanzen<\/strong> mein Herz. Und letztes Jahr gab es dann kein Halten mehr: eine Tomatenpflanze und zwei Cherrytomaten, Zuckererbsen, gelb- und rotstieliger Mangold, gelbe Chilis, Radieschen, Rucola, Schnittsalat, Hirschhorn-Wegerich, knallorange \u00e4thiopische Auberginen und zwei Andenbeeren. Das letzte Eckchen habe ich noch bepflanzt. Max musste sich auf dem Balkon immer in Acht nehmen, dass ich nicht R\u00fcebli in seinen Ohren zog.<\/p>\n<div id=\"attachment_2570\" style=\"width: 810px\" class=\"wp-caption alignnone\"><a href=\"https:\/\/blog.ecotronics.ch\/wordpress\/wp-content\/uploads\/2015\/04\/KraeutergartenInDerMilchflasche1_20140602_182422.jpg\"><img aria-describedby=\"caption-attachment-2570\" decoding=\"async\" loading=\"lazy\" class=\"size-full wp-image-2570\" src=\"https:\/\/blog.ecotronics.ch\/wordpress\/wp-content\/uploads\/2015\/04\/KraeutergartenInDerMilchflasche1_20140602_182422.jpg\" alt=\"Kr\u00e4utergarten in umgedrehten Milchflaschen\" width=\"800\" height=\"487\" srcset=\"https:\/\/blog.ecotronics.ch\/wordpress\/wp-content\/uploads\/2015\/04\/KraeutergartenInDerMilchflasche1_20140602_182422.jpg 800w, https:\/\/blog.ecotronics.ch\/wordpress\/wp-content\/uploads\/2015\/04\/KraeutergartenInDerMilchflasche1_20140602_182422-300x183.jpg 300w, https:\/\/blog.ecotronics.ch\/wordpress\/wp-content\/uploads\/2015\/04\/KraeutergartenInDerMilchflasche1_20140602_182422-150x91.jpg 150w, https:\/\/blog.ecotronics.ch\/wordpress\/wp-content\/uploads\/2015\/04\/KraeutergartenInDerMilchflasche1_20140602_182422-400x244.jpg 400w\" sizes=\"(max-width: 800px) 100vw, 800px\" \/><\/a><p id=\"caption-attachment-2570\" class=\"wp-caption-text\">Kr\u00e4utergarten in umgedrehten Milchflaschen<\/p><\/div>\n<p>Auf den zwei Fensterbrettern vor den Wohnzimmernfenstern zog ich diverse <strong>Kr\u00e4uter in umgedrehten Milchflaschen<\/strong>. F\u00fcr den Kr\u00e4uterbedarf von zwei Personen reicht diese geringe Anbaufl\u00e4che bestens aus. Auf die Idee mit den Milchflaschen kam ich, weil der Zwischenraum zwischen Gitter und Fenster f\u00fcr konventionelle T\u00f6pfe zu schmal ist und die Beh\u00e4lter mindestens so hoch wie das Gitter sein m\u00fcssen. In den Milchflaschen gedieh Schnittlauch, Bohnenkraut, S\u00fcdseeknoblauch, Thymian, Rosmarin, Salbei, roter und gr\u00fcner Basilikum, Currykraut, Dill und Schokoladenminze. Nur der Muskatellersalbei erwies sich als zu gross f\u00fcr die Flasche und wurde Mitte Saison auf die Dynasoft-Terrasse verpflanzt. Daneben gab es auf dem Balkon noch einen Topf mit Lavendel und einen mit Pfefferminze. In Mischkultur mit diversen Gem\u00fcsesorten wuchsen Petersilie, Indianermelisse und Kapuzinerkresse. Von meiner Cousine brachte ich eine Staude Zitronenmelisse mit (Giersch inbegriffen).<\/p>\n<div id=\"attachment_2579\" style=\"width: 160px\" class=\"wp-caption alignleft\"><a href=\"https:\/\/blog.ecotronics.ch\/wordpress\/wp-content\/uploads\/2015\/04\/AethiopischeAubergineHuebschAberBitte_20140921_115044.jpg\"><img aria-describedby=\"caption-attachment-2579\" decoding=\"async\" loading=\"lazy\" class=\"size-thumbnail wp-image-2579\" src=\"https:\/\/blog.ecotronics.ch\/wordpress\/wp-content\/uploads\/2015\/04\/AethiopischeAubergineHuebschAberBitte_20140921_115044-150x150.jpg\" alt=\"\u00c4thiopische Aubergine, ebenso h\u00fcbsch wie bitter\" width=\"150\" height=\"150\" \/><\/a><p id=\"caption-attachment-2579\" class=\"wp-caption-text\">\u00c4thiopische Aubergine, ebenso h\u00fcbsch wie bitter<\/p><\/div>\n<div id=\"attachment_2580\" style=\"width: 158px\" class=\"wp-caption alignright\"><a href=\"https:\/\/blog.ecotronics.ch\/wordpress\/wp-content\/uploads\/2015\/04\/BluehendeAndenbeere_20150418_181812_345.jpg\"><img aria-describedby=\"caption-attachment-2580\" decoding=\"async\" loading=\"lazy\" class=\"wp-image-2580\" src=\"https:\/\/blog.ecotronics.ch\/wordpress\/wp-content\/uploads\/2015\/04\/BluehendeAndenbeere_20150418_181812_345.jpg\" alt=\"Bl\u00fchende Andenbeere\" width=\"148\" height=\"300\" srcset=\"https:\/\/blog.ecotronics.ch\/wordpress\/wp-content\/uploads\/2015\/04\/BluehendeAndenbeere_20150418_181812_345.jpg 295w, https:\/\/blog.ecotronics.ch\/wordpress\/wp-content\/uploads\/2015\/04\/BluehendeAndenbeere_20150418_181812_345-148x300.jpg 148w, https:\/\/blog.ecotronics.ch\/wordpress\/wp-content\/uploads\/2015\/04\/BluehendeAndenbeere_20150418_181812_345-74x150.jpg 74w\" sizes=\"(max-width: 148px) 100vw, 148px\" \/><\/a><p id=\"caption-attachment-2580\" class=\"wp-caption-text\">Bl\u00fchende Andenbeere<\/p><\/div>\n<p>Bei der Ernte \u00fcberzeugte nicht alles: Es soll ja Leute geben, die <strong>Hirschhorn-Wegerich<\/strong> m\u00f6gen. Ich geh\u00f6re definitiv nicht dazu. Die <strong>\u00e4thiopischen Auberginen<\/strong>, eine selbst angezogene <a href=\"https:\/\/www.prospecierara.ch\/de\/sortenfinder\/ge-1688\" target=\"_blank\">Pro-Specie-Rara-Sorte<\/a>, sind zwar ein Hingucker, aber essen kann man sie nur, wenn man sie fr\u00fch erntet und d\u00fcnn geschnitten mit viel scharfem Grillgew\u00fcrz in Oliven\u00f6l anbr\u00e4t. Ansonsten sind sie einfach zu bitter.<\/p>\n<p>Die <strong>Andenbeeren<\/strong> h\u00e4tten zwar geschmeckt, aber wegen der langen Reifedauer haben sie es trotz des langen warmen Herbstes gr\u00f6sstenteils nicht mehr geschafft. Die Setzlinge, die ich am Umwelttag geschenkt bekam, waren einfach noch zu klein, um bis Ende Saison reife Fr\u00fcchte zu produzieren. Aber die samtigen Bl\u00e4tter, die gelbbraunen Bl\u00fcten und die h\u00fcbschen gr\u00fcnen Lampions waren das Experiment wert. Die kleinere der zwei Pflanzen habe ich im Wohnzimmer durch den Winter gerettet. Vielleicht wird es dieses Jahr etwas mit reifen Beeren.<\/p>\n<p>Die gr\u00fcne <strong>Fleischtomate<\/strong>, eine alte Sorte mit dem klingenden Namen <strong>Aunt Ruby German Green<\/strong>, lieferte nur ein paar (allerdings grosse) Tomaten, aber daf\u00fcr was f\u00fcr welche! Geschmacklich die beste Tomate, die ich je gegessen habe &#8211; mit frischem Zitronengeschmack, trotzdem s\u00fcss und mit knackigem Biss.<\/p>\n<div id=\"attachment_2566\" style=\"width: 810px\" class=\"wp-caption alignnone\"><a href=\"https:\/\/blog.ecotronics.ch\/wordpress\/wp-content\/uploads\/2015\/04\/GrueneTomateAuntRubyGermanGreen_20140913_103752.jpg\"><img aria-describedby=\"caption-attachment-2566\" decoding=\"async\" loading=\"lazy\" class=\"wp-image-2566 size-full\" src=\"https:\/\/blog.ecotronics.ch\/wordpress\/wp-content\/uploads\/2015\/04\/GrueneTomateAuntRubyGermanGreen_20140913_103752.jpg\" alt=\"Aunt Ruby German Green, die beste Fleischtomate aller Zeiten\" width=\"800\" height=\"611\" srcset=\"https:\/\/blog.ecotronics.ch\/wordpress\/wp-content\/uploads\/2015\/04\/GrueneTomateAuntRubyGermanGreen_20140913_103752.jpg 800w, https:\/\/blog.ecotronics.ch\/wordpress\/wp-content\/uploads\/2015\/04\/GrueneTomateAuntRubyGermanGreen_20140913_103752-300x229.jpg 300w, https:\/\/blog.ecotronics.ch\/wordpress\/wp-content\/uploads\/2015\/04\/GrueneTomateAuntRubyGermanGreen_20140913_103752-150x115.jpg 150w, https:\/\/blog.ecotronics.ch\/wordpress\/wp-content\/uploads\/2015\/04\/GrueneTomateAuntRubyGermanGreen_20140913_103752-400x306.jpg 400w\" sizes=\"(max-width: 800px) 100vw, 800px\" \/><\/a><p id=\"caption-attachment-2566\" class=\"wp-caption-text\">Aunt Ruby German Green, die beste Fleischtomate aller Zeiten<\/p><\/div>\n<div id=\"attachment_2568\" style=\"width: 310px\" class=\"wp-caption alignleft\"><a href=\"https:\/\/blog.ecotronics.ch\/wordpress\/wp-content\/uploads\/2015\/04\/20140907_161516_RichtoneHDR.jpg\"><img aria-describedby=\"caption-attachment-2568\" decoding=\"async\" loading=\"lazy\" class=\"wp-image-2568 size-medium\" src=\"https:\/\/blog.ecotronics.ch\/wordpress\/wp-content\/uploads\/2015\/04\/20140907_161516_RichtoneHDR-300x260.jpg\" alt=\"Tomatenvielfalt vom Balkongarten\" width=\"300\" height=\"260\" srcset=\"https:\/\/blog.ecotronics.ch\/wordpress\/wp-content\/uploads\/2015\/04\/20140907_161516_RichtoneHDR-300x260.jpg 300w, https:\/\/blog.ecotronics.ch\/wordpress\/wp-content\/uploads\/2015\/04\/20140907_161516_RichtoneHDR-150x130.jpg 150w, https:\/\/blog.ecotronics.ch\/wordpress\/wp-content\/uploads\/2015\/04\/20140907_161516_RichtoneHDR-400x346.jpg 400w, https:\/\/blog.ecotronics.ch\/wordpress\/wp-content\/uploads\/2015\/04\/20140907_161516_RichtoneHDR.jpg 600w\" sizes=\"(max-width: 300px) 100vw, 300px\" \/><\/a><p id=\"caption-attachment-2568\" class=\"wp-caption-text\">Tomatenvielfalt vom Balkongarten: s\u00fcsse Cherrytomaten und gelbe Rundtomate<\/p><\/div>\n<p>Auch die andern Tomaten, eine gelbe Rundtomate, deren Samen ich von einer Arbeitskollegin erhalten hatte, und eine wunderbar s\u00fcsse rote Cherrytomate lieferten ansehnlichen und schmackhaften Ertrag.<\/p>\n<p>Meine absoluten Lieblinge waren die <strong>Zuckererbsen<\/strong>. Als roh essbares, zuckers\u00fcsses Naschgem\u00fcse sind sie die idealen Pflanzen f\u00fcr den sonnigen Stadtbalkon. Und es ist eine Freude, den agilen Ranken zuzusehen, wie sie nach jedem Halt greifen. Nur schade, dass die Saison so kurz ist und Mitte Juli die letzten Schoten abgeerntet waren.<\/p>\n<p>Die gelben, l\u00e4nglichen <strong>Chilis<\/strong> entwickelten sich nach einem schwachen Start unerwartet erfreulich und lieferten weit in den Herbst hinein mittelscharfe Fr\u00fcchte. Auch bei ihnen handelte es sich um eine <a href=\"https:\/\/www.prospecierara.ch\/de\/sortenfinder\/ge-1294\" target=\"_blank\">Pro-Specie-Rara-Sorte namens &#8220;Gelber Elefantenr\u00fcssel&#8221;<\/a>. Ebenso erfreulich wucherte der <strong>Rucola<\/strong>, den ich als Nachsaat aus einem Politwerbe-Sament\u00fctchen der Gr\u00fcnen zog. Mit solchen Geschenken lasse ich mir Werbung gefallen. Der Rucola war knackig, schmackhaft und winterhart, so dass wir immer noch davon essen, auch wenn er inzwischen am Bl\u00fchen ist. Ich hoffe, dass ich davon ein paar Samen ernten kann.<\/p>\n<div id=\"attachment_2619\" style=\"width: 310px\" class=\"wp-caption alignright\"><a href=\"https:\/\/blog.ecotronics.ch\/wordpress\/wp-content\/uploads\/2015\/04\/WalderdbeerenMitEroberungsdrang_20140602_182657.jpg\"><img aria-describedby=\"caption-attachment-2619\" decoding=\"async\" loading=\"lazy\" class=\"size-medium wp-image-2619\" src=\"https:\/\/blog.ecotronics.ch\/wordpress\/wp-content\/uploads\/2015\/04\/WalderdbeerenMitEroberungsdrang_20140602_182657-300x190.jpg\" alt=\"Walderdbeeren mit Napoleon-All\u00fcren\" width=\"300\" height=\"190\" srcset=\"https:\/\/blog.ecotronics.ch\/wordpress\/wp-content\/uploads\/2015\/04\/WalderdbeerenMitEroberungsdrang_20140602_182657-300x190.jpg 300w, https:\/\/blog.ecotronics.ch\/wordpress\/wp-content\/uploads\/2015\/04\/WalderdbeerenMitEroberungsdrang_20140602_182657-150x95.jpg 150w, https:\/\/blog.ecotronics.ch\/wordpress\/wp-content\/uploads\/2015\/04\/WalderdbeerenMitEroberungsdrang_20140602_182657-400x253.jpg 400w, https:\/\/blog.ecotronics.ch\/wordpress\/wp-content\/uploads\/2015\/04\/WalderdbeerenMitEroberungsdrang_20140602_182657.jpg 1012w\" sizes=\"(max-width: 300px) 100vw, 300px\" \/><\/a><p id=\"caption-attachment-2619\" class=\"wp-caption-text\">Walderdbeeren mit Napoleon-All\u00fcren<\/p><\/div>\n<p>Die <strong>Walderbeeren<\/strong>, die ich allesamt aus einer einzigen reifen Frucht aus dem Wald gezogen habe, versuchten auch 2014, mittels Ablegern ihre Invasion fortzusetzen und meinen Balkon zum Erdbeerland zu machen, was ich mit kr\u00e4ftigem R\u00fcckschnitt zu verhindern versuchte. Allerdings \u00fcbersah ich lange Zeit, dass sie sich beharrlich auf den Balkon unter mir vorarbeiteten. Als ich im Herbst einmal auf dieser Seite nach unten blickte, stellte ich erschrocken fest, dass sie den Boden des unteren Balkons schon fast erreicht hatten.<\/p>\n<p><strong>Mischkultur<\/strong> war mein Gartenthema 2014. Ich ackerte unz\u00e4hlige Listen und Empfehlungen durch, baute meine Pflanzendatenbank entsprechend aus und experimetierte mit den verschiedenen Kombinationen.<strong> Tomaten und Cherrytomaten kombinierte ich mit Petersilie und Tagetes,<\/strong> im anderen Beh\u00e4lter mit <strong>Basilikum und Radieschen<\/strong> und im dritten Gef\u00e4ss mit<strong> Pfl\u00fccksalat und Tagetes.\u00a0<\/strong><strong>Erbsen, Pfl\u00fccksalat und Mangold<\/strong>, sp\u00e4ter Hirschhornwegerich und ganz zuletzt Rucola wuchsen in derselben Kiste, wobei ich zwecks Sch\u00e4dlingbek\u00e4mpfung noch eine Tagetes dazupflanzte. Einzig beim <strong>Chili<\/strong> hatte ich den Eindruck, dass er<strong> den Mangold nicht wirklich mochte<\/strong>, Anf\u00e4nglich war er ziemlich k\u00fcmmerlich, besonders jene Pflanze, die n\u00e4her am Mangold stand. Laut Literatur sollte sich Mangold eigentlich mit fast allem vertragen. So richtig gedieh mein Elefantenr\u00fcssel erst, als die Mangoldsaison vorbei war und ich die Pflanze aus dem Korb entfernte.<\/p>\n<table>\n<tbody>\n<tr>\n<td>\n<p><div id=\"attachment_2572\" style=\"width: 177px\" class=\"wp-caption alignleft\"><a href=\"https:\/\/blog.ecotronics.ch\/wordpress\/wp-content\/uploads\/2015\/04\/MischkulturTomateBasilikumRadieschen_20150418_185302_291.jpg\"><img aria-describedby=\"caption-attachment-2572\" decoding=\"async\" loading=\"lazy\" class=\"wp-image-2572\" src=\"https:\/\/blog.ecotronics.ch\/wordpress\/wp-content\/uploads\/2015\/04\/MischkulturTomateBasilikumRadieschen_20150418_185302_291-150x150.jpg\" alt=\"Mischkultur Tomaten mit Basilikum und Radieschen\" width=\"167\" height=\"200\" srcset=\"https:\/\/blog.ecotronics.ch\/wordpress\/wp-content\/uploads\/2015\/04\/MischkulturTomateBasilikumRadieschen_20150418_185302_291-251x300.jpg 251w, https:\/\/blog.ecotronics.ch\/wordpress\/wp-content\/uploads\/2015\/04\/MischkulturTomateBasilikumRadieschen_20150418_185302_291-125x150.jpg 125w, https:\/\/blog.ecotronics.ch\/wordpress\/wp-content\/uploads\/2015\/04\/MischkulturTomateBasilikumRadieschen_20150418_185302_291-400x479.jpg 400w, https:\/\/blog.ecotronics.ch\/wordpress\/wp-content\/uploads\/2015\/04\/MischkulturTomateBasilikumRadieschen_20150418_185302_291.jpg 535w\" sizes=\"(max-width: 167px) 100vw, 167px\" \/><\/a><p id=\"caption-attachment-2572\" class=\"wp-caption-text\">Mischkultur Tomaten, Basilikum und Radieschen<\/p><\/div><\/td>\n<td>\n<p><div id=\"attachment_2573\" style=\"width: 197px\" class=\"wp-caption aligncenter\"><a href=\"https:\/\/blog.ecotronics.ch\/wordpress\/wp-content\/uploads\/2015\/04\/MischkulturTomatePetersilieTagetes_20150418_185018_648.jpg\"><img aria-describedby=\"caption-attachment-2573\" decoding=\"async\" loading=\"lazy\" class=\"wp-image-2573\" src=\"https:\/\/blog.ecotronics.ch\/wordpress\/wp-content\/uploads\/2015\/04\/MischkulturTomatePetersilieTagetes_20150418_185018_648-150x150.jpg\" alt=\"Mischkultur Tomaten mit Petersilie und Tagetes\" width=\"187\" height=\"200\" srcset=\"https:\/\/blog.ecotronics.ch\/wordpress\/wp-content\/uploads\/2015\/04\/MischkulturTomatePetersilieTagetes_20150418_185018_648-281x300.jpg 281w, https:\/\/blog.ecotronics.ch\/wordpress\/wp-content\/uploads\/2015\/04\/MischkulturTomatePetersilieTagetes_20150418_185018_648-140x150.jpg 140w, https:\/\/blog.ecotronics.ch\/wordpress\/wp-content\/uploads\/2015\/04\/MischkulturTomatePetersilieTagetes_20150418_185018_648-400x427.jpg 400w, https:\/\/blog.ecotronics.ch\/wordpress\/wp-content\/uploads\/2015\/04\/MischkulturTomatePetersilieTagetes_20150418_185018_648.jpg 599w\" sizes=\"(max-width: 187px) 100vw, 187px\" \/><\/a><p id=\"caption-attachment-2573\" class=\"wp-caption-text\">Mischkultur Tomaten mit Petersilie und Tagetes<\/p><\/div><\/td>\n<td>\n<p><div id=\"attachment_2574\" style=\"width: 210px\" class=\"wp-caption alignright\"><a href=\"https:\/\/blog.ecotronics.ch\/wordpress\/wp-content\/uploads\/2015\/04\/MischkulturTomateTagetesPfluecksalat_20150418_185637_561.jpg\"><img aria-describedby=\"caption-attachment-2574\" decoding=\"async\" loading=\"lazy\" class=\"wp-image-2574\" src=\"https:\/\/blog.ecotronics.ch\/wordpress\/wp-content\/uploads\/2015\/04\/MischkulturTomateTagetesPfluecksalat_20150418_185637_561-150x150.jpg\" alt=\"Mischkultur Tomaten mit Tagetes und Pfl\u00fccksalat\" width=\"200\" height=\"200\" srcset=\"https:\/\/blog.ecotronics.ch\/wordpress\/wp-content\/uploads\/2015\/04\/MischkulturTomateTagetesPfluecksalat_20150418_185637_561-150x150.jpg 150w, https:\/\/blog.ecotronics.ch\/wordpress\/wp-content\/uploads\/2015\/04\/MischkulturTomateTagetesPfluecksalat_20150418_185637_561-300x300.jpg 300w, https:\/\/blog.ecotronics.ch\/wordpress\/wp-content\/uploads\/2015\/04\/MischkulturTomateTagetesPfluecksalat_20150418_185637_561-400x400.jpg 400w, https:\/\/blog.ecotronics.ch\/wordpress\/wp-content\/uploads\/2015\/04\/MischkulturTomateTagetesPfluecksalat_20150418_185637_561.jpg 640w\" sizes=\"(max-width: 200px) 100vw, 200px\" \/><\/a><p id=\"caption-attachment-2574\" class=\"wp-caption-text\">Mischkultur Tomaten mit Tagetes und Pfl\u00fccksalat<\/p><\/div><\/td>\n<\/tr>\n<\/tbody>\n<\/table>\n<div id=\"attachment_2587\" style=\"width: 261px\" class=\"wp-caption alignright\"><a href=\"https:\/\/blog.ecotronics.ch\/wordpress\/wp-content\/uploads\/2015\/04\/20140625_182821.jpg\"><img aria-describedby=\"caption-attachment-2587\" decoding=\"async\" loading=\"lazy\" class=\"size-medium wp-image-2587\" src=\"https:\/\/blog.ecotronics.ch\/wordpress\/wp-content\/uploads\/2015\/04\/20140625_182821-251x300.jpg\" alt=\"Leuchtend orange Kapuzinerkresse\" width=\"251\" height=\"300\" srcset=\"https:\/\/blog.ecotronics.ch\/wordpress\/wp-content\/uploads\/2015\/04\/20140625_182821-251x300.jpg 251w, https:\/\/blog.ecotronics.ch\/wordpress\/wp-content\/uploads\/2015\/04\/20140625_182821-125x150.jpg 125w, https:\/\/blog.ecotronics.ch\/wordpress\/wp-content\/uploads\/2015\/04\/20140625_182821-400x479.jpg 400w, https:\/\/blog.ecotronics.ch\/wordpress\/wp-content\/uploads\/2015\/04\/20140625_182821.jpg 501w\" sizes=\"(max-width: 251px) 100vw, 251px\" \/><\/a><p id=\"caption-attachment-2587\" class=\"wp-caption-text\">Leuchtend orange Kapuzinerkresse<\/p><\/div>\n<p>Auch Blumen hatte ich einige: nicht nur jene, die ich <strong>zwecks Mischkultur<\/strong> zog wie <strong>Tagetes<\/strong>, <strong>Ringelblumen<\/strong> und <strong>Kapuzinerkresse<\/strong>. <strong>L\u00f6wenm\u00e4ulchen und Ackerrittersporn<\/strong> ziehen sich auf meinem Balkon seit mehreren Jahren quasi selbst, ohne grosse Aufmerksamkeit meinerseits. Ebenso zwei Hundsr\u00f6schen, von denen das eine tats\u00e4chlich dieses Jahr das erste Mal bl\u00fchte. Venus-Frauenspiegel, dieser seltene Gast, bl\u00fchte ebenfalls. Das mehrj\u00e4hrige <strong>Mutterkraut<\/strong> wuchert fr\u00f6hlich vor sich hin, so dass ich jeden Fr\u00fchling zahlreiche Pfl\u00e4nzchen verschenken (oder vernichten) kann, die sich in anderen T\u00f6pfen verirrt haben. <strong>Moschusmalve und Bechermalve<\/strong> erfreuten mein Auge ebenso wie die rote <strong>Canna Indica<\/strong>. Eine rosafarbene Moschusmalve hat sich selbst angesiedelt und erweist sich als ebenso bl\u00fchfreudiger wie robuster Gast.<\/p>\n<p>&nbsp;<\/p>\n<p>&nbsp;<\/p>\n<div id=\"attachment_2622\" style=\"width: 660px\" class=\"wp-caption alignnone\"><a href=\"https:\/\/blog.ecotronics.ch\/wordpress\/wp-content\/uploads\/2015\/04\/MangoldUndChiliMoegenSichNicht_20140602_181822.jpg\"><img aria-describedby=\"caption-attachment-2622\" decoding=\"async\" loading=\"lazy\" class=\"wp-image-2622\" src=\"https:\/\/blog.ecotronics.ch\/wordpress\/wp-content\/uploads\/2015\/04\/MangoldUndChiliMoegenSichNicht_20140602_181822.jpg\" alt=\"Die Chilipflanzen mochten den Stielmangold nicht\" width=\"650\" height=\"395\" srcset=\"https:\/\/blog.ecotronics.ch\/wordpress\/wp-content\/uploads\/2015\/04\/MangoldUndChiliMoegenSichNicht_20140602_181822.jpg 1052w, https:\/\/blog.ecotronics.ch\/wordpress\/wp-content\/uploads\/2015\/04\/MangoldUndChiliMoegenSichNicht_20140602_181822-300x183.jpg 300w, https:\/\/blog.ecotronics.ch\/wordpress\/wp-content\/uploads\/2015\/04\/MangoldUndChiliMoegenSichNicht_20140602_181822-1024x623.jpg 1024w, https:\/\/blog.ecotronics.ch\/wordpress\/wp-content\/uploads\/2015\/04\/MangoldUndChiliMoegenSichNicht_20140602_181822-150x91.jpg 150w, https:\/\/blog.ecotronics.ch\/wordpress\/wp-content\/uploads\/2015\/04\/MangoldUndChiliMoegenSichNicht_20140602_181822-400x243.jpg 400w\" sizes=\"(max-width: 650px) 100vw, 650px\" \/><\/a><p id=\"caption-attachment-2622\" class=\"wp-caption-text\">Die Chilipflanzen mochten den Stielmangold nicht<\/p><\/div>\n","protected":false},"excerpt":{"rendered":"<p id=\"caption-attachment-2589\" class=\"wp-caption-text\">Zuckererbsen, Mangold und Pfl\u00fccksalat<\/p>\n<p>Letztes Jahr ist es in meinem Blog verd\u00e4chtig ruhig gewesen, gerade auch in der Kategorie Blumen. Nicht etwa, weil ich am G\u00e4rtnern die Lust verloren h\u00e4tte. Nein, im Gegenteil, ich war so mit G\u00e4rtnern besch\u00e4ftigt, dass zum Schreiben keine Zeit mehr blieb. Letztes Jahr habe ich n\u00e4mlich das Gem\u00fcseg\u00e4rtnern [&#8230;]<\/p>\n","protected":false},"author":1,"featured_media":2568,"comment_status":"closed","ping_status":"closed","sticky":false,"template":"","format":"standard","meta":[],"categories":[52,272],"tags":[59,275,273,231,229],"_links":{"self":[{"href":"https:\/\/blog.ecotronics.ch\/wordpress\/index.php?rest_route=\/wp\/v2\/posts\/2559"}],"collection":[{"href":"https:\/\/blog.ecotronics.ch\/wordpress\/index.php?rest_route=\/wp\/v2\/posts"}],"about":[{"href":"https:\/\/blog.ecotronics.ch\/wordpress\/index.php?rest_route=\/wp\/v2\/types\/post"}],"author":[{"embeddable":true,"href":"https:\/\/blog.ecotronics.ch\/wordpress\/index.php?rest_route=\/wp\/v2\/users\/1"}],"replies":[{"embeddable":true,"href":"https:\/\/blog.ecotronics.ch\/wordpress\/index.php?rest_route=%2Fwp%2Fv2%2Fcomments&post=2559"}],"version-history":[{"count":32,"href":"https:\/\/blog.ecotronics.ch\/wordpress\/index.php?rest_route=\/wp\/v2\/posts\/2559\/revisions"}],"predecessor-version":[{"id":2629,"href":"https:\/\/blog.ecotronics.ch\/wordpress\/index.php?rest_route=\/wp\/v2\/posts\/2559\/revisions\/2629"}],"wp:featuredmedia":[{"embeddable":true,"href":"https:\/\/blog.ecotronics.ch\/wordpress\/index.php?rest_route=\/wp\/v2\/media\/2568"}],"wp:attachment":[{"href":"https:\/\/blog.ecotronics.ch\/wordpress\/index.php?rest_route=%2Fwp%2Fv2%2Fmedia&parent=2559"}],"wp:term":[{"taxonomy":"category","embeddable":true,"href":"https:\/\/blog.ecotronics.ch\/wordpress\/index.php?rest_route=%2Fwp%2Fv2%2Fcategories&post=2559"},{"taxonomy":"post_tag","embeddable":true,"href":"https:\/\/blog.ecotronics.ch\/wordpress\/index.php?rest_route=%2Fwp%2Fv2%2Ftags&post=2559"}],"curies":[{"name":"wp","href":"https:\/\/api.w.org\/{rel}","templated":true}]}}